[{"@context":"https:\/\/schema.org\/","@type":"Article","@id":"https:\/\/www.poslednivrchol.cz\/chcete-s-okny-i-pridanou-hodnotu\/#Article","mainEntityOfPage":"https:\/\/www.poslednivrchol.cz\/chcete-s-okny-i-pridanou-hodnotu\/","headline":"Chcete s okny i p\u0159idanou hodnotu?","name":"Chcete s okny i p\u0159idanou hodnotu?","description":"Co to pro v\u00e1s znamen\u00e1? To znamen\u00e1, \u017ee krom\u011b toho, \u017ee budete nadm\u00edru spokojeni, s t\u00edm jak prob\u011bhla mont\u00e1\u017e oken, budete spokojeni i s ostatn\u00edmi slu\u017ebami! Pt\u00e1te se s jak\u00fdmi? Mysl\u00edte, \u017ee \u010destn\u00e9, slu\u0161n\u00e9 a korektn\u00ed jedn\u00e1n\u00ed, jak ze strany majitele, tak i zam\u011bstnanc\u016f firmy je v dne\u0161n\u00ed dob\u011b v\u011bc\u00ed b\u011b\u017enou a norm\u00e1ln\u00ed? Omyl! Kdo [&hellip;]","datePublished":"2023-10-24","dateModified":"2023-10-24","author":{"@type":"Person","@id":"https:\/\/www.poslednivrchol.cz\/author\/#Person","name":"poslednivrchol.cz\n","url":"https:\/\/www.poslednivrchol.cz\/author\/","identifier":1,"image":{"@type":"ImageObject","@id":"https:\/\/secure.gravatar.com\/avatar\/70bfba35016f640cc40a20bdb6eeeb519f15df7de2446955eee0a1f10ed86e77?s=96&d=mm&r=g","url":"https:\/\/secure.gravatar.com\/avatar\/70bfba35016f640cc40a20bdb6eeeb519f15df7de2446955eee0a1f10ed86e77?s=96&d=mm&r=g","height":96,"width":96}},"publisher":{"@type":"Organization","name":"poslednivrchol.cz","logo":{"@type":"ImageObject","@id":"\/logo.png","url":"\/logo.png","width":600,"height":60}},"url":"https:\/\/www.poslednivrchol.cz\/chcete-s-okny-i-pridanou-hodnotu\/","wordCount":295,"articleBody":"Co to pro v\u00e1s znamen\u00e1? To znamen\u00e1, \u017ee krom\u011b toho, \u017ee budete nadm\u00edru spokojeni, s t\u00edm jak prob\u011bhla mont\u00e1\u017e oken, budete spokojeni i s ostatn\u00edmi slu\u017ebami! Pt\u00e1te se s jak\u00fdmi? Mysl\u00edte, \u017ee \u010destn\u00e9, slu\u0161n\u00e9 a korektn\u00ed jedn\u00e1n\u00ed, jak ze strany majitele, tak i zam\u011bstnanc\u016f firmy je v dne\u0161n\u00ed dob\u011b v\u011bc\u00ed b\u011b\u017enou a norm\u00e1ln\u00ed? Omyl! Kdo u\u017e n\u011bkdy n\u011bco p\u0159ed\u011bl\u00e1val, nebo dokonce stav\u011bl, od z\u00e1kladu v\u00ed, o \u010dem mluv\u00edme. Nikde nen\u00ed naps\u00e1no, \u017ee vst\u0159\u00edcnost, ochota a snaha pomoci je na po\u0159adu dne! Ur\u010dit\u011b se v\u00e1m bude \u017e\u00edt snadn\u011bji, kdy\u017e budete v\u011bd\u011bt, \u017ee nemus\u00edte pracovn\u00edky kontrolovat na ka\u017ed\u00e9m kroku, ale \u017ee sami v\u011bd\u00ed, co je pro v\u00e1s nejlep\u0161\u00ed. \u017de r\u00e1di p\u0159ijmou va\u0161\u00ed prosbu a p\u0159edstavu o stavu budouc\u00edm. Slu\u017eba p\u0159eci nen\u00ed jenom, o tom, \u017ee n\u011bkde n\u011bco ud\u011bl\u00e1me, ale je i o pocitu, \u017ee jsme pr\u00e1ci provedli a odvedli ve stavu, kter\u00fd bychom ani u sebe doma jinak nem\u011bli!Nemus\u00edte se ob\u00e1vatN\u011bkdy se zbyte\u010dn\u011b z\u00e1kazn\u00edci dop\u0159edu ob\u00e1vaj\u00ed, jak to v\u0161echno vlastn\u011b dopadne. Trnou hr\u016fzou a u\u017e kolik noc\u00ed p\u0159ed samotnou v\u00fdm\u011bnou skel nesp\u00ed a d\u011bs\u00ed se t\u00e9 chv\u00edle, a\u017e nastane. Jak\u00e9, ale b\u00fdv\u00e1 jejich p\u0159ekvapen\u00ed, kdy\u017e v\u0161e prob\u011bhne hladce a bez zbyte\u010dn\u00e9ho prodlu\u017eov\u00e1n\u00ed procesu! Pak nev\u00ed, jestli se jim to pouze nezd\u00e1lo, jsa pou\u010deni z p\u0159ede\u0161l\u00fdch nepoda\u0159en\u00fdch prac\u00ed jin\u00fdch firem a spole\u010dnost\u00ed.                                                                                                                                                                                                                                                                                                                                                                                        3.3\/5 - (3 votes)        "},{"@context":"https:\/\/schema.org\/","@type":"BreadcrumbList","itemListElement":[{"@type":"ListItem","position":1,"name":"Chcete s okny i p\u0159idanou hodnotu?","item":"https:\/\/www.poslednivrchol.cz\/chcete-s-okny-i-pridanou-hodnotu\/#breadcrumbitem"}]}]