{"@context":"https:\/\/schema.org\/","@type":"CollectionPage","@id":"https:\/\/www.poslednivrchol.cz\/dovolena\/#CollectionPage","headline":"Dovolen\u00e1 Category","description":"","url":"https:\/\/www.poslednivrchol.cz\/dovolena\/","hasPart":[{"@type":"Article","@id":"https:\/\/www.poslednivrchol.cz\/jarni-prazdniny-v-malo-zname-exotice\/","headline":"Jarn\u00ed pr\u00e1zdniny v m\u00e1lo zn\u00e1m\u00e9 exotice","url":"https:\/\/www.poslednivrchol.cz\/jarni-prazdniny-v-malo-zname-exotice\/","datePublished":"2020-10-25","dateModified":"2023-04-28","mainEntityOfPage":"https:\/\/www.poslednivrchol.cz\/jarni-prazdniny-v-malo-zname-exotice\/","author":{"@type":"Person","@id":"https:\/\/www.poslednivrchol.cz\/author\/#Person","name":"poslednivrchol.cz\n","url":"https:\/\/www.poslednivrchol.cz\/author\/","identifier":1,"image":{"@type":"ImageObject","@id":"https:\/\/secure.gravatar.com\/avatar\/70bfba35016f640cc40a20bdb6eeeb519f15df7de2446955eee0a1f10ed86e77?s=96&d=mm&r=g","url":"https:\/\/secure.gravatar.com\/avatar\/70bfba35016f640cc40a20bdb6eeeb519f15df7de2446955eee0a1f10ed86e77?s=96&d=mm&r=g","height":96,"width":96}},"publisher":{"@type":"Organization","name":"poslednivrchol.cz","logo":{"@type":"ImageObject","@id":"\/logo.png","url":"\/logo.png","width":600,"height":60}},"image":{"@type":"ImageObject","@id":"https:\/\/www.poslednivrchol.cz\/wp-content\/uploads\/img_a277954_w1787_t1601879919.jpg","url":"https:\/\/www.poslednivrchol.cz\/wp-content\/uploads\/img_a277954_w1787_t1601879919.jpg","height":0,"width":0},"keywords":null},{"@type":"Article","@id":"https:\/\/www.poslednivrchol.cz\/silvestrovska-exotika-pod-palmami\/","headline":"Silvestrovsk\u00e1 exotika pod palmami","url":"https:\/\/www.poslednivrchol.cz\/silvestrovska-exotika-pod-palmami\/","datePublished":"2020-10-20","dateModified":"2023-04-28","mainEntityOfPage":"https:\/\/www.poslednivrchol.cz\/silvestrovska-exotika-pod-palmami\/","author":{"@type":"Person","@id":"https:\/\/www.poslednivrchol.cz\/author\/#Person","name":"poslednivrchol.cz\n","url":"https:\/\/www.poslednivrchol.cz\/author\/","identifier":1,"image":{"@type":"ImageObject","@id":"https:\/\/secure.gravatar.com\/avatar\/70bfba35016f640cc40a20bdb6eeeb519f15df7de2446955eee0a1f10ed86e77?s=96&d=mm&r=g","url":"https:\/\/secure.gravatar.com\/avatar\/70bfba35016f640cc40a20bdb6eeeb519f15df7de2446955eee0a1f10ed86e77?s=96&d=mm&r=g","height":96,"width":96}},"publisher":{"@type":"Organization","name":"poslednivrchol.cz","logo":{"@type":"ImageObject","@id":"\/logo.png","url":"\/logo.png","width":600,"height":60}},"image":{"@type":"ImageObject","@id":"https:\/\/www.poslednivrchol.cz\/wp-content\/uploads\/img_a277953_w1787_t1601879814.jpg","url":"https:\/\/www.poslednivrchol.cz\/wp-content\/uploads\/img_a277953_w1787_t1601879814.jpg","height":0,"width":0},"keywords":null},{"@type":"Article","@id":"https:\/\/www.poslednivrchol.cz\/ubytovani-lednice-muze-prispet-k-dovolenkovemu-pobytu-na-jizni-morave\/","headline":"Ubytov\u00e1n\u00ed Lednice m\u016f\u017ee p\u0159isp\u011bt k dovolenkov\u00e9mu pobytu na ji\u017en\u00ed Morav\u011b","url":"https:\/\/www.poslednivrchol.cz\/ubytovani-lednice-muze-prispet-k-dovolenkovemu-pobytu-na-jizni-morave\/","datePublished":"2019-08-20","dateModified":"2023-12-12","mainEntityOfPage":"https:\/\/www.poslednivrchol.cz\/ubytovani-lednice-muze-prispet-k-dovolenkovemu-pobytu-na-jizni-morave\/","author":{"@type":"Person","@id":"https:\/\/www.poslednivrchol.cz\/author\/#Person","name":"poslednivrchol.cz\n","url":"https:\/\/www.poslednivrchol.cz\/author\/","identifier":1,"image":{"@type":"ImageObject","@id":"https:\/\/secure.gravatar.com\/avatar\/70bfba35016f640cc40a20bdb6eeeb519f15df7de2446955eee0a1f10ed86e77?s=96&d=mm&r=g","url":"https:\/\/secure.gravatar.com\/avatar\/70bfba35016f640cc40a20bdb6eeeb519f15df7de2446955eee0a1f10ed86e77?s=96&d=mm&r=g","height":96,"width":96}},"publisher":{"@type":"Organization","name":"poslednivrchol.cz","logo":{"@type":"ImageObject","@id":"\/logo.png","url":"\/logo.png","width":600,"height":60}},"image":{"@type":"ImageObject","@id":"https:\/\/www.poslednivrchol.cz\/wp-content\/uploads\/img_a358934_w1787_t1573136653.jpg","url":"https:\/\/www.poslednivrchol.cz\/wp-content\/uploads\/img_a358934_w1787_t1573136653.jpg","height":0,"width":0},"keywords":null},{"@type":"Article","@id":"https:\/\/www.poslednivrchol.cz\/kdo-je-pripraven-neni-ohrozen\/","headline":"Kdo je p\u0159ipraven, nen\u00ed ohro\u017een","url":"https:\/\/www.poslednivrchol.cz\/kdo-je-pripraven-neni-ohrozen\/","datePublished":"2019-01-28","dateModified":"2023-04-28","mainEntityOfPage":"https:\/\/www.poslednivrchol.cz\/kdo-je-pripraven-neni-ohrozen\/","author":{"@type":"Person","@id":"https:\/\/www.poslednivrchol.cz\/author\/#Person","name":"poslednivrchol.cz\n","url":"https:\/\/www.poslednivrchol.cz\/author\/","identifier":1,"image":{"@type":"ImageObject","@id":"https:\/\/secure.gravatar.com\/avatar\/70bfba35016f640cc40a20bdb6eeeb519f15df7de2446955eee0a1f10ed86e77?s=96&d=mm&r=g","url":"https:\/\/secure.gravatar.com\/avatar\/70bfba35016f640cc40a20bdb6eeeb519f15df7de2446955eee0a1f10ed86e77?s=96&d=mm&r=g","height":96,"width":96}},"publisher":{"@type":"Organization","name":"poslednivrchol.cz","logo":{"@type":"ImageObject","@id":"\/logo.png","url":"\/logo.png","width":600,"height":60}},"image":{"@type":"ImageObject","@id":"https:\/\/www.poslednivrchol.cz\/wp-content\/uploads\/img_a340895_w1787_t1553755418.jpg","url":"https:\/\/www.poslednivrchol.cz\/wp-content\/uploads\/img_a340895_w1787_t1553755418.jpg","height":0,"width":0},"keywords":null},{"@type":"Article","@id":"https:\/\/www.poslednivrchol.cz\/dunaj\/","headline":"Dunaj","url":"https:\/\/www.poslednivrchol.cz\/dunaj\/","datePublished":"2017-11-09","dateModified":"2023-04-28","mainEntityOfPage":"https:\/\/www.poslednivrchol.cz\/dunaj\/","author":{"@type":"Person","@id":"https:\/\/www.poslednivrchol.cz\/author\/#Person","name":"poslednivrchol.cz\n","url":"https:\/\/www.poslednivrchol.cz\/author\/","identifier":1,"image":{"@type":"ImageObject","@id":"https:\/\/secure.gravatar.com\/avatar\/70bfba35016f640cc40a20bdb6eeeb519f15df7de2446955eee0a1f10ed86e77?s=96&d=mm&r=g","url":"https:\/\/secure.gravatar.com\/avatar\/70bfba35016f640cc40a20bdb6eeeb519f15df7de2446955eee0a1f10ed86e77?s=96&d=mm&r=g","height":96,"width":96}},"publisher":{"@type":"Organization","name":"poslednivrchol.cz","logo":{"@type":"ImageObject","@id":"\/logo.png","url":"\/logo.png","width":600,"height":60}},"image":{"@type":"ImageObject","@id":"https:\/\/www.poslednivrchol.cz\/wp-content\/uploads\/img_a304403_w1787_t1515492405.jpg","url":"https:\/\/www.poslednivrchol.cz\/wp-content\/uploads\/img_a304403_w1787_t1515492405.jpg","height":0,"width":0},"keywords":null},{"@type":"Article","@id":"https:\/\/www.poslednivrchol.cz\/duch-stare-ciny-mesto-lijiang\/","headline":"Duch star\u00e9 \u010c\u00edny, m\u011bsto Lijiang","url":"https:\/\/www.poslednivrchol.cz\/duch-stare-ciny-mesto-lijiang\/","datePublished":"2017-08-26","dateModified":"2023-04-28","mainEntityOfPage":"https:\/\/www.poslednivrchol.cz\/duch-stare-ciny-mesto-lijiang\/","author":{"@type":"Person","@id":"https:\/\/www.poslednivrchol.cz\/author\/#Person","name":"poslednivrchol.cz\n","url":"https:\/\/www.poslednivrchol.cz\/author\/","identifier":1,"image":{"@type":"ImageObject","@id":"https:\/\/secure.gravatar.com\/avatar\/70bfba35016f640cc40a20bdb6eeeb519f15df7de2446955eee0a1f10ed86e77?s=96&d=mm&r=g","url":"https:\/\/secure.gravatar.com\/avatar\/70bfba35016f640cc40a20bdb6eeeb519f15df7de2446955eee0a1f10ed86e77?s=96&d=mm&r=g","height":96,"width":96}},"publisher":{"@type":"Organization","name":"poslednivrchol.cz","logo":{"@type":"ImageObject","@id":"\/logo.png","url":"\/logo.png","width":600,"height":60}},"image":{"@type":"ImageObject","@id":"https:\/\/www.poslednivrchol.cz\/wp-content\/uploads\/img_a298850_w1787_t1509045035.jpg","url":"https:\/\/www.poslednivrchol.cz\/wp-content\/uploads\/img_a298850_w1787_t1509045035.jpg","height":0,"width":0},"keywords":null},{"@type":"Article","@id":"https:\/\/www.poslednivrchol.cz\/madeira-ostrov-vecneho-jara\/","headline":"Madeira: ostrov v\u011b\u010dn\u00e9ho jara","url":"https:\/\/www.poslednivrchol.cz\/madeira-ostrov-vecneho-jara\/","datePublished":"2016-12-24","dateModified":"2023-04-28","mainEntityOfPage":"https:\/\/www.poslednivrchol.cz\/madeira-ostrov-vecneho-jara\/","author":{"@type":"Person","@id":"https:\/\/www.poslednivrchol.cz\/author\/#Person","name":"poslednivrchol.cz\n","url":"https:\/\/www.poslednivrchol.cz\/author\/","identifier":1,"image":{"@type":"ImageObject","@id":"https:\/\/secure.gravatar.com\/avatar\/70bfba35016f640cc40a20bdb6eeeb519f15df7de2446955eee0a1f10ed86e77?s=96&d=mm&r=g","url":"https:\/\/secure.gravatar.com\/avatar\/70bfba35016f640cc40a20bdb6eeeb519f15df7de2446955eee0a1f10ed86e77?s=96&d=mm&r=g","height":96,"width":96}},"publisher":{"@type":"Organization","name":"poslednivrchol.cz","logo":{"@type":"ImageObject","@id":"\/logo.png","url":"\/logo.png","width":600,"height":60}},"image":null,"keywords":null},{"@type":"Article","@id":"https:\/\/www.poslednivrchol.cz\/mexicke-taje-mayska-riviera\/","headline":"Mexick\u00e9 taje: Maysk\u00e1 rivi\u00e9ra","url":"https:\/\/www.poslednivrchol.cz\/mexicke-taje-mayska-riviera\/","datePublished":"2016-10-13","dateModified":"2023-04-28","mainEntityOfPage":"https:\/\/www.poslednivrchol.cz\/mexicke-taje-mayska-riviera\/","author":{"@type":"Person","@id":"https:\/\/www.poslednivrchol.cz\/author\/#Person","name":"poslednivrchol.cz\n","url":"https:\/\/www.poslednivrchol.cz\/author\/","identifier":1,"image":{"@type":"ImageObject","@id":"https:\/\/secure.gravatar.com\/avatar\/70bfba35016f640cc40a20bdb6eeeb519f15df7de2446955eee0a1f10ed86e77?s=96&d=mm&r=g","url":"https:\/\/secure.gravatar.com\/avatar\/70bfba35016f640cc40a20bdb6eeeb519f15df7de2446955eee0a1f10ed86e77?s=96&d=mm&r=g","height":96,"width":96}},"publisher":{"@type":"Organization","name":"poslednivrchol.cz","logo":{"@type":"ImageObject","@id":"\/logo.png","url":"\/logo.png","width":600,"height":60}},"image":{"@type":"ImageObject","@id":"https:\/\/www.poslednivrchol.cz\/wp-content\/uploads\/img_a277955_w1787_t1601880027.jpg","url":"https:\/\/www.poslednivrchol.cz\/wp-content\/uploads\/img_a277955_w1787_t1601880027.jpg","height":0,"width":0},"keywords":null}]}