[{"@context":"https:\/\/schema.org\/","@type":"Article","@id":"https:\/\/www.poslednivrchol.cz\/ubytovny-praha-pro-docasny-pobyt-amaterskych-fotografu\/#Article","mainEntityOfPage":"https:\/\/www.poslednivrchol.cz\/ubytovny-praha-pro-docasny-pobyt-amaterskych-fotografu\/","headline":"Ubytovny Praha pro do\u010dasn\u00fd pobyt amat\u00e9rsk\u00fdch fotograf\u016f","name":"Ubytovny Praha pro do\u010dasn\u00fd pobyt amat\u00e9rsk\u00fdch fotograf\u016f","description":"Vydat se do Prahy na v\u00fdlet si \u0159ada n\u00e1v\u0161t\u011bvn\u00edk\u016f spojuje s fotografov\u00e1n\u00edm. Dnes je objektiv fotoapar\u00e1tu sou\u010d\u00e1st\u00ed ka\u017ed\u00e9ho chytr\u00e9ho telefonu, a jestli\u017ee m\u00e1te k dispozici dokonce zrcadlovku, v Praze ji ur\u010dit\u011b u\u017eijete. Ubytovat se m\u016f\u017eete v n\u011bkter\u00e9 z levn\u00fdch ubytoven Praha ubytovny-praha.net kter\u00e9 vznikly po rekonstrukci bytov\u00fdch jader na okrajov\u00e9m s\u00eddli\u0161ti, a do centra se [&hellip;]","datePublished":"2019-10-09","dateModified":"2023-04-28","author":{"@type":"Person","@id":"https:\/\/www.poslednivrchol.cz\/author\/#Person","name":"poslednivrchol.cz\n","url":"https:\/\/www.poslednivrchol.cz\/author\/","identifier":1,"image":{"@type":"ImageObject","@id":"https:\/\/secure.gravatar.com\/avatar\/70bfba35016f640cc40a20bdb6eeeb519f15df7de2446955eee0a1f10ed86e77?s=96&d=mm&r=g","url":"https:\/\/secure.gravatar.com\/avatar\/70bfba35016f640cc40a20bdb6eeeb519f15df7de2446955eee0a1f10ed86e77?s=96&d=mm&r=g","height":96,"width":96}},"publisher":{"@type":"Organization","name":"poslednivrchol.cz","logo":{"@type":"ImageObject","@id":"\/logo.png","url":"\/logo.png","width":600,"height":60}},"image":{"@type":"ImageObject","@id":"https:\/\/www.poslednivrchol.cz\/wp-content\/uploads\/img_a370275_w1787_t1582027351.jpg","url":"https:\/\/www.poslednivrchol.cz\/wp-content\/uploads\/img_a370275_w1787_t1582027351.jpg","height":0,"width":0},"url":"https:\/\/www.poslednivrchol.cz\/ubytovny-praha-pro-docasny-pobyt-amaterskych-fotografu\/","about":["Podnik\u00e1n\u00ed"],"wordCount":460,"articleBody":"        Vydat se do Prahy na v\u00fdlet si \u0159ada n\u00e1v\u0161t\u011bvn\u00edk\u016f spojuje s fotografov\u00e1n\u00edm. Dnes je objektiv fotoapar\u00e1tu sou\u010d\u00e1st\u00ed ka\u017ed\u00e9ho chytr\u00e9ho telefonu, a jestli\u017ee m\u00e1te k dispozici dokonce zrcadlovku, v Praze ji ur\u010dit\u011b u\u017eijete. Ubytovat se m\u016f\u017eete v n\u011bkter\u00e9 z levn\u00fdch ubytoven Praha ubytovny-praha.net kter\u00e9 vznikly po rekonstrukci bytov\u00fdch jader na okrajov\u00e9m s\u00eddli\u0161ti, a do centra se pak vydat m\u011bstskou dopravou \u2013 kombinac\u00ed metra a tramvaje.  Prohl\u00eddka Prahy spojen\u00e1 s fotografov\u00e1n\u00edm Kdo se v Praze alespo\u0148 letmo vyzn\u00e1, jist\u011b v\u00e1m dok\u00e1\u017ee poradit, jak\u00e9 objekty jsou pro hled\u00e1\u010dek objektivu natolik atraktivn\u00ed, aby va\u0161i pozornost dok\u00e1zaly upoutat i po mnoha letech. Spojit proch\u00e1zky po jednom z nejkr\u00e1sn\u011bj\u0161\u00edch m\u011bst Evropy s fotografov\u00e1n\u00edm je nesm\u00edrn\u011b poutav\u00e1 z\u00e1bava, je\u017e se rozhodn\u011b nemus\u00ed odehr\u00e1vat v duchu n\u011bkter\u00fdch zahrani\u010dn\u00edch turist\u016f, kte\u0159\u00ed fot\u00ed tak\u0159\u00edkaj\u00edc v\u0161e, co jim p\u0159ijde do cesty. Fotogenick\u00e9 mosty \u2013 pra\u017esk\u00e9 mosty si fot\u00ed kde kdo, v\u011bt\u0161inou je to most Karl\u016fv a t\u0159i p\u0159ilehl\u00e9 \u2013 M\u00e1nes\u016fv, Legi\u00ed a \u010cech\u016fv, kter\u00e9 ohrani\u010duj\u00ed Star\u00e9 a Nov\u00e9 M\u011bsto a Malou Stranu, ale ve fotografov\u00e1n\u00ed most\u016f se nemus\u00edte omezovat a m\u016f\u017eete nasn\u00edmat i modern\u00ed zaj\u00edmav\u00e9 stavby, nap\u0159. obloukov\u00fd most v Tr\u00f3ji, jeho\u017e pevnost zaji\u0161\u0165uje vysok\u00e1 klenba, a to bez jedin\u00e9ho op\u011brn\u00e9ho pil\u00ed\u0159e. Do sv\u00e9 sb\u00edrky sn\u00edmk\u016f m\u016f\u017eete p\u0159idat i \u201emost sebevrah\u016f\u201c \u2013 Nuselsk\u00fd most, d\u0159\u00edve pojmenovan\u00fd po Klementu Gottwaldovi. Je to toti\u017e jedna z nejmohutn\u011bj\u0161\u00edch \u017eelezobetonov\u00fdch staveb v \u010cesk\u00e9 republice, kter\u00e1 ji\u017e t\u00e9m\u011b\u0159 p\u016fl stolet\u00ed zvl\u00e1d\u00e1 n\u00e1por n\u011bkolika des\u00edtek tis\u00edc automobil\u016f a des\u00edtek souprav voz\u016f metra, co tudy projedou den co den. Nejkr\u00e1sn\u011bj\u0161\u00ed vyhl\u00eddky \u2013 Pet\u0159\u00edn a Letensk\u00e9 sady \u2013 fotografov\u00e1n\u00ed pra\u017esk\u00fdch pam\u011btihodnost\u00ed a p\u0159\u00edrodn\u00edch kr\u00e1s m\u016f\u017eete zam\u011b\u0159it r\u016fznorod\u00fdm zp\u016fsobem, bu\u010f upoutat pozornost na detaily, anebo se v\u011bnovat nejzaj\u00edmav\u011bj\u0161\u00edm vyhl\u00eddkov\u00fdm bod\u016fm. Milovn\u00edci pra\u017esk\u00fdch panoramat by m\u011bli zam\u00ed\u0159it na Pet\u0159\u00edn, odkud je Pra\u017esk\u00e1 kotlina doslova jako na dlani, a p\u0159i vhodn\u00e9m osv\u011btlen\u00ed p\u0159ed z\u00e1padem nebo t\u011bsn\u011b po v\u00fdchodu slunce mohou b\u00fdt sn\u00edmky opravdu pozoruhodn\u00e9. A jestli\u017ee v\u00e1s o\u010darovala Vltava s t\u011bmi nejstar\u0161\u00edmi kamenn\u00fdmi a \u017eelezobetonov\u00fdmi stavbami v bl\u00edzkosti centra m\u011bsta, vydejte se k vyhl\u00eddce v Letensk\u00fdch sadech.                                                                                                                                                                                                                                                                                                                                                                                          3.7\/5 - (4 votes)        "},{"@context":"https:\/\/schema.org\/","@type":"BreadcrumbList","itemListElement":[{"@type":"ListItem","position":1,"name":"Ubytovny Praha pro do\u010dasn\u00fd pobyt amat\u00e9rsk\u00fdch fotograf\u016f","item":"https:\/\/www.poslednivrchol.cz\/ubytovny-praha-pro-docasny-pobyt-amaterskych-fotografu\/#breadcrumbitem"}]}]